{"id":1748,"date":"2020-10-30T16:51:20","date_gmt":"2020-10-30T14:51:20","guid":{"rendered":"http:\/\/www.gicot.ch\/website\/?p=1748"},"modified":"2020-10-30T16:51:22","modified_gmt":"2020-10-30T14:51:22","slug":"atoll","status":"publish","type":"post","link":"http:\/\/www.gicot.ch\/website\/atoll\/","title":{"rendered":"Atoll"},"content":{"rendered":"\n<h3>Habitat flottant au Landeron<br>Projet onirique \u00abAtoll\u00bb ou \u00abMarina\u00bb de Nugerol<\/h3>\n\n\n\n<p>En pr\u00e9ambule, je tiens \u00e0 pr\u00e9ciser que:<br>Les terrains sur lesquels ce projet a \u00e9t\u00e9 imagin\u00e9 sont hors de la zone d\u2019urbanisation.<br>En effet, ils se trouvent dans la zone de vignes et gr\u00e8ves ZVG (d\u00e9cret de 1966).<br>J\u2019ai donc pris la libert\u00e9 de faire quelques r\u00e9flexions que je souhaite partager avec vous, sachant que certaines utopies d\u2019aujourd\u2019hui seront peut-\u00eatre les r\u00e9alit\u00e9s de demain\u2026<\/p>\n\n\n\n<p><strong>Consid\u00e9rations:<\/strong><br>Transition int\u00e9ressante entre la terre et l\u2019eau, deux des \u00e9l\u00e9ments dits \u00ab fondamentaux \u00bb, mais surtout transition entre le centre du village du Landeron et le bord de la Thielle (immeubles relativement hauts, de 4 \u00e0 5 niveaux, au centre du village &#8211; \u00e0 la rue Jolimont et \u00e0 la rue du Lac et \u00e9galement dans le cadre du futur projet \u00ab Les P\u00eaches \u00bb &#8211; , puis villas en bande de la rue Jolimont, puis aussi caravanes dans les espaces r\u00e9serv\u00e9s au camping, et enfin habitations flottantes projet\u00e9es).<br>Les mat\u00e9riaux provenant des excavations n\u00e9cessaires \u00e0 la r\u00e9alisation du plan d\u2019eau de ce projet permettraient de rehausser les terrains qui m\u00e9riteraient de l\u2019\u00eatre, dans ce secteur et dans les alentours (terrains qui sont partiellement inond\u00e9s lors de la mont\u00e9e des eaux du lac, et par voie de cons\u00e9quence, de la Thielle).<br>Les terrains ne seraient pas n\u00e9cessairement vendus, ils pourraient \u00eatre mis \u00e0 disposition ou lou\u00e9s (droit de superficie, par exemple).<\/p>\n\n\n\n<p><strong>Atouts de ce projet:<\/strong><\/p>\n\n\n\n<ul><li>Projet novateur et tr\u00e8s original pour Le Landeron, et bien s\u00fbr, pour le canton de Neuch\u00e2tel.<\/li><li>Projet en phase avec l\u2019\u00e9volution du climat.<\/li><li>Des constructions flottantes de 2 \u00e0 3 niveaux permettraient d\u2019accueillir un nombre int\u00e9ressant de citoyens d\u00e9sireux de s\u2019\u00e9tablir dans la Commune du Landeron, pr\u00e8s du bord du lac.<\/li><li>Tr\u00e8s faible impact visuel, sachant que le niveau du la Thielle est nettement plus bas (de plusieurs m\u00e8tres) que le niveau des terrains mara\u00eechers. Par cons\u00e9quent, m\u00eame si les constructions flottantes comprenaient 2 ou 3 niveaux, leurs silhouettes n\u2019entreraient pas en conflit avec celle, respectable, de la Vieille Ville en arri\u00e8re-plan.<\/li><li>Plan d\u2019eau prot\u00e9g\u00e9 (acc\u00e8s \u00e0 une rivi\u00e8re et non directement \u00e0 un lac).<\/li><li>Proximit\u00e9 quasi imm\u00e9diate du lac de Bienne.<\/li><li>Route d\u2019acc\u00e8s \u00e0 proximit\u00e9, \u00e0 l\u2019Est (il n\u2019est pas n\u00e9cessaire d\u2019en cr\u00e9er une nouvelle).<\/li><li>Un parking pourrait \u00eatre am\u00e9nag\u00e9 \u00e0 l\u2019Ouest de celui qui existe d\u00e9j\u00e0.<\/li><li>Raccordement facile \u00e0 la STEP qui est tout pr\u00e8s du projet imagin\u00e9.<\/li><li>L\u2019\u00eelot central peut \u00eatre accessible au public.<\/li><li>Le site est prot\u00e9g\u00e9 de la bise par la for\u00eat du bord du lac, ainsi que par les peupliers et autres arbres bordant la Thielle.<\/li><li>Si un jour le Pont de l\u2019Avenir* se r\u00e9alise, connexion imm\u00e9diate avec Erlach et le canton de Berne. *(Le projet \u00abPont de l&#8217;Avenir\u00bb, passerelle en bois, figurait dans le plan des intentions \/ 2007 &#8211; 2010 de la Commune du Landeron).<\/li><li>Acheminement des mat\u00e9riaux de construction par voie navigable.<\/li><li>Constructions \u00e9cologiques, en bois, notamment.<\/li><li>Retour des \u00ablacustres\u00bb dont l\u2019habitat a \u00e9volu\u00e9 gr\u00e2ce aux nouveaux mat\u00e9riaux et aux nouvelles technologies !<\/li><\/ul>\n\n\n\n<p><em>Note:<\/em><br>Ce projet pourrait notamment \u00eatre \u00e9tudi\u00e9 avec un bureau des Pays-Bas que j\u2019ai contact\u00e9, lequel est sp\u00e9cialis\u00e9 dans ce domaine (www.waterstudio.nl).<\/p>\n\n\n\n<p><strong>A t\u00e9l\u00e9charger:<\/strong><br><a href=\"http:\/\/www.gicot.ch\/website\/wp-content\/uploads\/2012\/05\/Project_Atoll_20080106_01.pdf\" target=\"_blank\" rel=\"noreferrer noopener\">Croquis du projet<\/a><br><a href=\"http:\/\/www.gicot.ch\/website\/wp-content\/uploads\/2012\/05\/N7_Courrier_NE15-08-07.pdf\" target=\"_blank\" rel=\"noreferrer noopener\">Article du Courrier neuch\u00e2telois<\/a><\/p>\n","protected":false},"excerpt":{"rendered":"<p>Habitat flottant au LanderonProjet onirique \u00abAtoll\u00bb ou \u00abMarina\u00bb de Nugerol En pr\u00e9ambule, je tiens \u00e0 pr\u00e9ciser que:Les terrains sur lesquels ce projet a \u00e9t\u00e9 imagin\u00e9 sont hors de la zone d\u2019urbanisation.En effet, ils se trouvent dans la zone de vignes et gr\u00e8ves ZVG (d\u00e9cret de 1966).J\u2019ai donc pris la libert\u00e9 de faire quelques r\u00e9flexions que &hellip; <\/p>\n<p class=\"link-more\"><a href=\"http:\/\/www.gicot.ch\/website\/atoll\/\" class=\"more-link\">Continuer la lecture<span class=\"screen-reader-text\"> de &laquo;&nbsp;Atoll&nbsp;&raquo;<\/span><\/a><\/p>\n","protected":false},"author":1,"featured_media":1749,"comment_status":"closed","ping_status":"open","sticky":false,"template":"","format":"standard","meta":[],"categories":[40],"tags":[84],"_links":{"self":[{"href":"http:\/\/www.gicot.ch\/website\/wp-json\/wp\/v2\/posts\/1748"}],"collection":[{"href":"http:\/\/www.gicot.ch\/website\/wp-json\/wp\/v2\/posts"}],"about":[{"href":"http:\/\/www.gicot.ch\/website\/wp-json\/wp\/v2\/types\/post"}],"author":[{"embeddable":true,"href":"http:\/\/www.gicot.ch\/website\/wp-json\/wp\/v2\/users\/1"}],"replies":[{"embeddable":true,"href":"http:\/\/www.gicot.ch\/website\/wp-json\/wp\/v2\/comments?post=1748"}],"version-history":[{"count":1,"href":"http:\/\/www.gicot.ch\/website\/wp-json\/wp\/v2\/posts\/1748\/revisions"}],"predecessor-version":[{"id":1750,"href":"http:\/\/www.gicot.ch\/website\/wp-json\/wp\/v2\/posts\/1748\/revisions\/1750"}],"wp:featuredmedia":[{"embeddable":true,"href":"http:\/\/www.gicot.ch\/website\/wp-json\/wp\/v2\/media\/1749"}],"wp:attachment":[{"href":"http:\/\/www.gicot.ch\/website\/wp-json\/wp\/v2\/media?parent=1748"}],"wp:term":[{"taxonomy":"category","embeddable":true,"href":"http:\/\/www.gicot.ch\/website\/wp-json\/wp\/v2\/categories?post=1748"},{"taxonomy":"post_tag","embeddable":true,"href":"http:\/\/www.gicot.ch\/website\/wp-json\/wp\/v2\/tags?post=1748"}],"curies":[{"name":"wp","href":"https:\/\/api.w.org\/{rel}","templated":true}]}}